{"id":586,"date":"2022-04-25T13:57:32","date_gmt":"2022-04-25T12:57:32","guid":{"rendered":"https:\/\/gg8.it\/uncategorized\/festa-dei-ceri\/"},"modified":"2026-03-23T08:08:12","modified_gmt":"2026-03-23T07:08:12","slug":"festa-dei-ceri","status":"publish","type":"post","link":"https:\/\/www.gg8.it\/en\/territory\/events\/festa-dei-ceri\/","title":{"rendered":"Festa dei ceri"},"content":{"rendered":"<div><a href=\"\" >Eventi<\/a><\/div>\n<h1>Festa dei Ceri<\/h1>\n<p><img decoding=\"async\" src=\"\/wp-content\/uploads\/2022\/04\/festa_dei-Ceri.jpg\" alt=\"Festa dei ceri Gubbio\"><\/p>\n<div>\n<p class=\"uk-text-lead\">\nUna delle pi\u00f9 antiche feste umbre.\n<\/p>\n<h2>Una impetuosa corsa tra le vie medievali di Gubbio<\/h2>\n<p> &#8220;via ch&#8217;eccoli!&#8221; \u00e8 il grido che anticipa l&#8217;arrivo di Capitani, Alfiere e trombettiere nella folle corsa tra le vie cittadine verso  alla Basilica in cima al monte Ingino.\n<\/p>\n<p>\n Ma i giorni di festa in citt\u00e0 non si limitano al 15 maggio, giorno della corsa. Il clima di festa si respira dalla prima domenica di maggio ovvero da quando i ceri vengono portati in citt\u00e0 dalla Basilica del Patrono.\n<\/p>\n<p class=\"uk-margin-medium\"><img decoding=\"async\" alt=\"\" width=\"900\" src=\"\/wp-content\/uploads\/2022\/04\/Visitare-Gubbio-sq.jpg\" loading=\"lazy\"><\/p>\n<h3>Dove pernottare per la Festa dei Ceri<\/h3>\n<p>\n Dove pernottare per la Festa dei Ceri? Considerando che da Gubbio a Gualdo si impiegano solo 20 minuti, il pernotto in un luogo pi\u00f9 tranquillo senza rinunciare alla qualit\u00e0 \u00e8 senz&#8217;altro una possibilit\u00e0 da valutare.\n<\/p>\n<p>Soprattutto se si vuole cogliere l&#8217;occasione per visitare qualche altro borgo umbro o godere della natura dell&#8217;Appennino, l&#8217;hotel GG8 distante circa vanti minuti da Gubbio, ma da cui si possono pi\u00f9 agevolmente raggiungere molte altre destinazioni, \u00e8 un&#8217;ottima soluzione.\n<\/p>\n<\/div>\n<div>\n<p>        <img decoding=\"async\" src=\"\/wp-content\/uploads\/photo-1594995846645-d58328c3ffa4-scaled.jpg\" alt=\"\"><\/p>\n<div>In quanto tempo?<\/div>\n<div>Il centro di Gubbio dista da GG8 circa 20 minuti<\/div>\n<p><a href=\"#\"><\/a><\/p>\n<\/div>\n<div>\n<p>        <img decoding=\"async\" src=\"\/wp-content\/uploads\/photo-1594995846645-d58328c3ffa4-scaled.jpg\" alt=\"\"><\/p>\n<div>Quando?<\/div>\n<div>Il 15 maggio<\/div>\n<p><a href=\"#\"><\/a><\/p>\n<\/div>\n<h2>Altre proposte<\/h2>\n<ul>\n<li>\n<p>        <img decoding=\"async\" src=\"\/wp-content\/uploads\/photo-1604748954134-457791b2ce9b-scaled.jpg\" alt=\"\"><\/p>\n<h3>e-bike in Appennino<\/h3>\n<p>a 5 minuti<\/p>\n<p><a href=\"https:\/\/www.gg8.it\/en\/territory\/nature-and-adventure\/e-bike-in-the-apennines\/\"><\/a><\/p>\n<\/li>\n<li>\n<p>        <img decoding=\"async\" src=\"\/wp-content\/uploads\/2022\/05\/trekking_monte_maggio_cappellini_DSCF2712.jpg\" alt=\"Trekking a Monte Le Senate\"><\/p>\n<h3>Trekking in Appennino<\/h3>\n<p>a 5 minuti<\/p>\n<p><a href=\"https:\/\/www.gg8.it\/en\/territory\/nature-and-adventure\/trekking-apennines\/\"><\/a><\/p>\n<\/li>\n<li>\n<p>        <img decoding=\"async\" src=\"\/wp-content\/uploads\/photo-1595199644559-6d5ee4e48355-scaled.jpg\" alt=\"\"><\/p>\n<h3>Gubbio<\/h3>\n<p>a 20 minuti<\/p>\n<p><a href=\"https:\/\/www.gg8.it\/en\/territory\/history-and-culture\/visit-gubbio\/\"><\/a><\/p>\n<\/li>\n<li>\n<p>        <img decoding=\"async\" src=\"\/wp-content\/uploads\/photo-1599602315206-de5ca7fcd602-scaled.jpg\" alt=\"\"><\/p>\n<h3>volo libero a Monte Cucco<\/h3>\n<p>a 25 minuti<\/p>\n<p><a href=\"https:\/\/www.gg8.it\/en\/territory\/nature-and-adventure\/hang-gliding-monte-cucco\/\"><\/a><\/p>\n<\/li>\n<li>\n<p>        <img decoding=\"async\" src=\"\/wp-content\/uploads\/2022\/04\/DP_26273803_Spello_infiorata.jpeg\" alt=\"spello, infiorata\"><\/p>\n<h3>Spello<\/h3>\n<p>a 30 minuti<\/p>\n<p><a href=\"https:\/\/www.gg8.it\/en\/territory\/history-and-culture\/visit-spello\/\"><\/a><\/p>\n<\/li>\n<li>\n<p>        <img decoding=\"async\" src=\"\/wp-content\/uploads\/photo-1566725130146-6b7f082f8bb1-scaled.jpg\" alt=\"grotte di frasassi\"><\/p>\n<h3>Frasassi<\/h3>\n<p>a 30 minuti<\/p>\n<p><a href=\"https:\/\/www.gg8.it\/en\/territory\/nature-and-adventure\/visit-frasassi-caves\/\"><\/a><\/p>\n<\/li>\n<li>\n<p>        <img decoding=\"async\" src=\"\/wp-content\/uploads\/photo-1558265963-fc582742b461-scaled.jpg\" alt=\"Perugia\"><\/p>\n<h3>Perugia<\/h3>\n<p>a 35 minuti<\/p>\n<p><a href=\"https:\/\/www.gg8.it\/en\/territory\/history-and-culture\/visit-perugia\/\"><\/a><\/p>\n<\/li>\n<li>\n<p>        <img decoding=\"async\" src=\"\/wp-content\/uploads\/2022\/04\/DP_382061096_Bevagna.jpg\" alt=\"Bevagna\"><\/p>\n<h3>Bevagna<\/h3>\n<p>a 35 minuti<\/p>\n<p><a href=\"https:\/\/www.gg8.it\/en\/territory\/history-and-culture\/visit-bevagna\/\"><\/a><\/p>\n<\/li>\n<li>\n<p>        <img decoding=\"async\" src=\"\/wp-content\/uploads\/photo-1607703617873-0294acaf1496.jpg\" alt=\"Assisi, basilica superiore\"><\/p>\n<h3>Assisi<\/h3>\n<p>a 40 minuti<\/p>\n<p><a href=\"https:\/\/www.gg8.it\/en\/territory\/history-and-culture\/visit-assisi\/\"><\/a><\/p>\n<\/li>\n<li>\n<p>        <img decoding=\"async\" src=\"\/wp-content\/uploads\/photo-1605391433501-886193996c57-scaled.jpg\" alt=\"\"><\/p>\n<h3>Spoleto<\/h3>\n<p>a 40 minuti<\/p>\n<p><a href=\"https:\/\/www.gg8.it\/en\/territory\/history-and-culture\/visit-spoleto\/\"><\/a><\/p>\n<\/li>\n<li>\n<p>        <img decoding=\"async\" src=\"\/wp-content\/uploads\/photo-1575886066180-f122be478dec-scaled.jpg\" alt=\"\"><\/p>\n<h3>Sibillini<\/h3>\n<p>a 60 minuti<\/p>\n<p><a href=\"https:\/\/www.gg8.it\/en\/territory\/nature-and-adventure\/visit-sibillini-mountains\/\"><\/a><\/p>\n<\/li>\n<\/ul>\n<p><!--more--><br \/>\n<!-- {\"name\":\"Post\",\"type\":\"layout\",\"children\":[{\"type\":\"section\",\"props\":{\"style\":\"default\",\"width\":\"\",\"vertical_align\":\"middle\",\"title_position\":\"top-left\",\"title_rotation\":\"left\",\"title_breakpoint\":\"xl\",\"image_position\":\"center-center\",\"padding_remove_bottom\":false,\"animation\":\"fade\"},\"children\":[{\"type\":\"row\",\"props\":{\"width\":\"xsmall\"},\"children\":[{\"type\":\"column\",\"props\":{\"image_position\":\"center-center\",\"media_overlay_gradient\":\"\",\"position_sticky_breakpoint\":\"m\"},\"children\":[{\"type\":\"headline\",\"props\":{\"title_element\":\"div\",\"text_align\":\"center\",\"margin\":\"default\",\"title_style\":\"h6\",\"title_color\":\"primary\",\"animation\":\"slide-top-small\",\"content\":\"<a href=\\\"\\\" >Eventi<\\\/a>\"}},{\"type\":\"headline\",\"props\":{\"title_element\":\"h1\",\"text_align\":\"center\",\"margin\":\"default\",\"content\":\"Festa dei Ceri\"}}]}]},{\"type\":\"row\",\"props\":{\"width\":\"large\",\"margin\":\"large\"},\"children\":[{\"type\":\"column\",\"props\":{\"image_position\":\"center-center\",\"media_overlay_gradient\":\"\",\"position_sticky_breakpoint\":\"m\"},\"children\":[{\"type\":\"image\",\"props\":{\"margin\":\"default\",\"image_svg_color\":\"emphasis\",\"image_width\":\"1400\",\"image_height\":\"800\",\"animation\":\"none\",\"image\":\"wp-content\\\/uploads\\\/2022\\\/04\\\/festa_dei-Ceri.jpg\",\"image_alt\":\"Festa dei ceri Gubbio\"}}]}]},{\"type\":\"row\",\"props\":{\"width\":\"default\",\"margin\":\"large\",\"layout\":\"2-3,1-3\",\"padding_remove_horizontal\":false,\"column_gap\":\"large\"},\"children\":[{\"type\":\"column\",\"props\":{\"image_position\":\"center-center\",\"media_overlay_gradient\":\"\",\"width_medium\":\"2-3\",\"position_sticky_breakpoint\":\"m\"},\"children\":[{\"type\":\"text\",\"props\":{\"margin\":\"medium\",\"column_breakpoint\":\"m\",\"animation\":\"none\",\"content\":\"\n\n<p class=\\\"uk-text-lead\\\">\\nUna delle pi\\u00f9 antiche feste umbre.\\n<\\\/p>\\n \\n\n\n<h2>Una impetuosa corsa tra le vie medievali di Gubbio<\\\/h2>\\n\n\n<p> \\\"via ch'eccoli!\\\" \\u00e8 il grido che anticipa l'arrivo di Capitani, Alfiere e trombettiere nella folle corsa tra le vie cittadine verso  alla Basilica in cima al monte Ingino.\\n<\\\/p>\\n\n\n<p>\\n Ma i giorni di festa in citt\\u00e0 non si limitano al 15 maggio, giorno della corsa. Il clima di festa si respira dalla prima domenica di maggio ovvero da quando i ceri vengono portati in citt\\u00e0 dalla Basilica del Patrono.\\n<\\\/p>\\n\n\n<p class=\\\"uk-margin-medium\\\"><img alt=\\\"\\\" width=\\\"900\\\" src=\\\"wp-content\\\/uploads\\\/2022\\\/04\\\/Visitare-Gubbio-sq.jpg\\\" loading=\\\"lazy\\\"><\\\/p>\\n\n\n<h3>Dove pernottare per la Festa dei Ceri<\\\/h3>\\n\n\n<p>\\n Dove pernottare per la Festa dei Ceri? Considerando che da Gubbio a Gualdo si impiegano solo 20 minuti, il pernotto in un luogo pi\\u00f9 tranquillo senza rinunciare alla qualit\\u00e0 \\u00e8 senz'altro una possibilit\\u00e0 da valutare. \\n<\\\/p>\\n\n\n<p>Soprattutto se si vuole cogliere l'occasione per visitare qualche altro borgo umbro o godere della natura dell'Appennino, l'hotel GG8 distante circa vanti minuti da Gubbio, ma da cui si possono pi\\u00f9 agevolmente raggiungere molte altre destinazioni, \\u00e8 un'ottima soluzione. \\n<\\\/p>\"}}]},{\"type\":\"column\",\"props\":{\"image_position\":\"center-center\",\"media_overlay_gradient\":\"\",\"width_medium\":\"1-3\",\"position_sticky_breakpoint\":\"m\"},\"children\":[{\"type\":\"panel\",\"props\":{\"link_text\":\"\",\"title_hover_style\":\"reset\",\"title_element\":\"div\",\"title_align\":\"top\",\"title_grid_width\":\"1-2\",\"title_grid_breakpoint\":\"m\",\"meta_style\":\"\",\"meta_align\":\"below-title\",\"meta_element\":\"div\",\"content_column_breakpoint\":\"m\",\"icon_width\":80,\"image_align\":\"left\",\"image_grid_width\":\"auto\",\"image_grid_breakpoint\":\"\",\"image_svg_color\":\"emphasis\",\"link_style\":\"default\",\"margin\":\"default\",\"image_width\":\"80\",\"image_height\":\"80\",\"image_grid_column_gap\":\"small\",\"image_border\":\"circle\",\"title_style\":\"h5\",\"meta_margin\":\"remove\",\"title_link\":false,\"panel_link\":true,\"content_margin\":\"small\",\"animation\":\"none\",\"title\":\"In quanto tempo?\",\"image\":\"wp-content\\\/uploads\\\/photo-1594995846645-d58328c3ffa4-scaled.jpg\",\"image_alt\":\"\",\"link\":\"#\",\"content\":\"Il centro di Gubbio dista da GG8 circa 20 minuti\"}},{\"type\":\"panel\",\"props\":{\"link_text\":\"\",\"title_hover_style\":\"reset\",\"title_element\":\"div\",\"title_align\":\"top\",\"title_grid_width\":\"1-2\",\"title_grid_breakpoint\":\"m\",\"meta_style\":\"\",\"meta_align\":\"below-title\",\"meta_element\":\"div\",\"content_column_breakpoint\":\"m\",\"icon_width\":80,\"image_align\":\"left\",\"image_grid_width\":\"auto\",\"image_grid_breakpoint\":\"\",\"image_svg_color\":\"emphasis\",\"link_style\":\"default\",\"margin\":\"default\",\"image_width\":\"80\",\"image_height\":\"80\",\"image_grid_column_gap\":\"small\",\"image_border\":\"circle\",\"title_style\":\"h5\",\"meta_margin\":\"remove\",\"title_link\":false,\"panel_link\":true,\"content_margin\":\"small\",\"animation\":\"none\",\"title\":\"Quando?\",\"image\":\"wp-content\\\/uploads\\\/photo-1594995846645-d58328c3ffa4-scaled.jpg\",\"image_alt\":\"\",\"link\":\"#\",\"content\":\"Il 15 maggio\"}},{\"type\":\"headline\",\"props\":{\"title_element\":\"h2\",\"content\":\"Altre proposte\",\"title_style\":\"h4\",\"animation\":\"none\",\"_condition\":true}},{\"type\":\"grid\",\"props\":{\"show_title\":true,\"show_meta\":true,\"show_content\":true,\"show_image\":true,\"show_link\":true,\"grid_default\":\"1\",\"grid_medium\":\"1\",\"filter_style\":\"tab\",\"filter_all\":true,\"filter_position\":\"top\",\"filter_align\":\"left\",\"filter_grid_width\":\"auto\",\"filter_grid_breakpoint\":\"m\",\"title_hover_style\":\"reset\",\"title_element\":\"h3\",\"title_align\":\"top\",\"title_grid_width\":\"1-2\",\"title_grid_breakpoint\":\"m\",\"meta_style\":\"h6\",\"meta_align\":\"above-title\",\"meta_element\":\"div\",\"content_column_breakpoint\":\"m\",\"icon_width\":80,\"image_align\":\"left\",\"image_grid_width\":\"auto\",\"image_grid_breakpoint\":\"\",\"image_svg_color\":\"emphasis\",\"link_text\":\"\",\"link_style\":\"default\",\"margin\":\"default\",\"item_animation\":true,\"grid_column_gap\":\"small\",\"image_width\":\"100\",\"image_grid_column_gap\":\"small\",\"image_vertical_align\":true,\"title_style\":\"h5\",\"meta_color\":\"primary\",\"title_margin\":\"remove\",\"grid_row_gap\":\"small\",\"panel_link\":false,\"grid_small\":\"2\",\"grid_divider\":true,\"title_link\":true,\"image_link\":true,\"animation\":\"none\"},\"children\":[{\"type\":\"grid_item\",\"props\":{\"title\":\"e-bike in Appennino\",\"image\":\"wp-content\\\/uploads\\\/photo-1604748954134-457791b2ce9b-scaled.jpg\",\"image_alt\":\"\",\"link\":\"territorio\\\/natura-e-avventura\\\/e-bike-nellappennino-gualdese\\\/\",\"meta\":\"a 5 minuti\"}},{\"type\":\"grid_item\",\"props\":{\"title\":\"Trekking in Appennino\",\"image\":\"wp-content\\\/uploads\\\/2022\\\/05\\\/trekking_monte_maggio_cappellini_DSCF2712.jpg\",\"image_alt\":\"Trekking a Monte Le Senate\",\"link\":\"territorio\\\/natura-e-avventura\\\/trekking-nellappennino-gualdese\\\/\",\"meta\":\"a 5 minuti\"}},{\"type\":\"grid_item\",\"props\":{\"title\":\"Gubbio\",\"image\":\"wp-content\\\/uploads\\\/photo-1595199644559-6d5ee4e48355-scaled.jpg\",\"image_alt\":\"\",\"link\":\"territorio\\\/storia-e-cultura\\\/visitare-gubbio\\\/\",\"meta\":\"a 20 minuti\"}},{\"type\":\"grid_item\",\"props\":{\"title\":\"volo libero a Monte Cucco\",\"image\":\"wp-content\\\/uploads\\\/photo-1599602315206-de5ca7fcd602-scaled.jpg\",\"image_alt\":\"\",\"link\":\"territorio\\\/natura-e-avventura\\\/il-volo-libero-a-monte-cucco\\\/\",\"meta\":\"a 25 minuti\"}},{\"type\":\"grid_item\",\"props\":{\"title\":\"Spello\",\"image\":\"wp-content\\\/uploads\\\/2022\\\/04\\\/DP_26273803_Spello_infiorata.jpeg\",\"image_alt\":\"spello, infiorata\",\"link\":\"territorio\\\/storia-e-cultura\\\/visitare-spello\\\/\",\"meta\":\"a 30 minuti\"}},{\"type\":\"grid_item\",\"props\":{\"title\":\"Frasassi\",\"image\":\"wp-content\\\/uploads\\\/photo-1566725130146-6b7f082f8bb1-scaled.jpg\",\"image_alt\":\"grotte di frasassi\",\"link\":\"territorio\\\/natura-e-avventura\\\/visitare-le-grotte-di-frasassi\\\/\",\"meta\":\"a 30 minuti\"}},{\"type\":\"grid_item\",\"props\":{\"title\":\"Perugia\",\"image\":\"wp-content\\\/uploads\\\/photo-1558265963-fc582742b461-scaled.jpg\",\"image_alt\":\"Perugia\",\"link\":\"territorio\\\/storia-e-cultura\\\/visitare-perugia\\\/\",\"meta\":\"a 35 minuti\"}},{\"type\":\"grid_item\",\"props\":{\"title\":\"Bevagna\",\"image\":\"wp-content\\\/uploads\\\/2022\\\/04\\\/DP_382061096_Bevagna.jpg\",\"image_alt\":\"Bevagna\",\"link\":\"territorio\\\/storia-e-cultura\\\/visitare-bevagna\\\/\",\"meta\":\"a 35 minuti\"}},{\"type\":\"grid_item\",\"props\":{\"title\":\"Assisi\",\"image\":\"wp-content\\\/uploads\\\/photo-1607703617873-0294acaf1496.jpg\",\"image_alt\":\"Assisi, basilica superiore\",\"link\":\"territorio\\\/storia-e-cultura\\\/visitare-assisi\\\/\",\"meta\":\"a 40 minuti\"}},{\"type\":\"grid_item\",\"props\":{\"title\":\"Spoleto\",\"image\":\"wp-content\\\/uploads\\\/photo-1605391433501-886193996c57-scaled.jpg\",\"image_alt\":\"\",\"link\":\"territorio\\\/storia-e-cultura\\\/visitare-spoleto\\\/\",\"meta\":\"a 40 minuti\"}},{\"type\":\"grid_item\",\"props\":{\"title\":\"Sibillini\",\"image\":\"wp-content\\\/uploads\\\/photo-1575886066180-f122be478dec-scaled.jpg\",\"image_alt\":\"\",\"link\":\"territorio\\\/natura-e-avventura\\\/visitare-i-sibillini\\\/\",\"meta\":\"a 60 minuti\"}}],\"name\":\"Griglia tutte le mete\"}]}]}],\"name\":\"Post\"},{\"type\":\"section\",\"props\":{\"style\":\"default\",\"width\":\"large\",\"vertical_align\":\"middle\",\"title_position\":\"top-left\",\"title_rotation\":\"left\",\"title_breakpoint\":\"xl\",\"image_position\":\"center-center\",\"padding_remove_top\":true,\"padding\":\"large\",\"animation\":\"fade\",\"status\":\"disabled\"},\"children\":[{\"type\":\"row\",\"children\":[{\"type\":\"column\",\"props\":{\"image_position\":\"center-center\",\"media_overlay_gradient\":\"\",\"position_sticky_breakpoint\":\"m\"},\"children\":[{\"type\":\"divider\",\"props\":{\"divider_element\":\"hr\",\"margin\":\"large\",\"animation\":\"none\"}},{\"type\":\"headline\",\"props\":{\"title_element\":\"h2\",\"content\":\"Latest Articles\",\"text_align\":\"left\",\"text_align_breakpoint\":\"m\",\"text_align_fallback\":\"center\",\"title_style\":\"h3\",\"animation\":\"none\"}},{\"type\":\"grid\",\"props\":{\"show_title\":true,\"show_meta\":true,\"show_content\":true,\"show_image\":true,\"show_link\":true,\"grid_default\":\"1\",\"grid_medium\":\"3\",\"filter_style\":\"tab\",\"filter_all\":true,\"filter_position\":\"top\",\"filter_align\":\"left\",\"filter_grid_width\":\"auto\",\"filter_grid_breakpoint\":\"m\",\"title_hover_style\":\"reset\",\"title_element\":\"h3\",\"title_align\":\"top\",\"title_grid_width\":\"1-2\",\"title_grid_breakpoint\":\"m\",\"meta_style\":\"h6\",\"meta_align\":\"above-title\",\"meta_element\":\"div\",\"content_column_breakpoint\":\"m\",\"icon_width\":80,\"image_align\":\"top\",\"image_grid_width\":\"1-2\",\"image_grid_breakpoint\":\"m\",\"image_svg_color\":\"emphasis\",\"link_text\":\"\",\"link_style\":\"text\",\"margin\":\"default\",\"item_animation\":true,\"title_style\":\"h4\",\"panel_link\":false,\"title_link\":true,\"image_link\":true,\"meta_color\":\"primary\",\"title_margin\":\"small\",\"css\":\"@media (min-width: 640px) and (max-width: 960px) {\\n\\t.el-element > * > :last-child { display: none; }\\n}\",\"grid_small\":\"2\",\"grid_column_gap\":\"medium\",\"content_margin\":\"small\",\"image_width\":\"610\"},\"children\":[{\"type\":\"grid_item\",\"props\":{\"title\":\"Charming Getaways for the Snowy Season\",\"image\":\"wp-content\\\/uploads\\\/blog-post-charming-getaways-for-the-snowy-season.jpg\",\"link\":\"#\",\"content\":\"\\r\\n  Quis aute iure reprehenderit in voluptate velit esse cillum dolore eu fugiat nulla pariatur. ...\",\"meta\":\"<a href=\\\"\\\" >Inspiration<\\\/a>\"}},{\"type\":\"grid_item\",\"props\":{\"title\":\"Roadtrips, the Kerouac Way of Escaping Crowded Planes\",\"image\":\"wp-content\\\/uploads\\\/blog-post-roadtrips-the-kerouac-way-of-escaping-crowded-planes.jpg\",\"link\":\"#\",\"content\":\"\\r\\n  Quis aute iure reprehenderit in voluptate velit esse cillum dolore eu fugiat nulla pariatur. ...\",\"meta\":\"<a href=\\\"\\\" >Inspiration<\\\/a>\"}},{\"type\":\"grid_item\",\"props\":{\"title\":\"Campervan Travel \\u2013 The Post-Pandemic Way to See the World\",\"image\":\"wp-content\\\/uploads\\\/blog-post-campervan-travel-the-post-pandemic-way-to-see-the-world.jpg\",\"link\":\"#\",\"content\":\"Quis aute iure reprehenderit in voluptate velit esse cillum dolore eu fugiat nulla pariatur. Exce...\",\"meta\":\"<a href=\\\"\\\" >Inspiration<\\\/a>\"}}],\"modified\":\"2020-12-08T13:01:52.051Z\",\"name\":\"\"}]}]}],\"name\":\"Latest Posts\"}],\"version\":\"2.7.22\"} --><\/p>\n","protected":false},"excerpt":{"rendered":"<p>Eventi Festa dei Ceri Una delle pi\u00f9 antiche feste umbre. Una impetuosa corsa tra le vie medievali di Gubbio &#8220;via ch&#8217;eccoli!&#8221; \u00e8 il grido che anticipa l&#8217;arrivo di Capitani, Alfiere e trombettiere nella folle corsa tra le vie cittadine verso alla Basilica in cima al monte Ingino. Ma i giorni di festa in citt\u00e0 non [&hellip;]<\/p>\n","protected":false},"author":1,"featured_media":491,"comment_status":"closed","ping_status":"closed","sticky":false,"template":"","format":"standard","meta":{"footnotes":""},"categories":[10],"tags":[],"class_list":["post-586","post","type-post","status-publish","format-standard","has-post-thumbnail","hentry","category-events"],"_links":{"self":[{"href":"https:\/\/www.gg8.it\/en\/wp-json\/wp\/v2\/posts\/586","targetHints":{"allow":["GET"]}}],"collection":[{"href":"https:\/\/www.gg8.it\/en\/wp-json\/wp\/v2\/posts"}],"about":[{"href":"https:\/\/www.gg8.it\/en\/wp-json\/wp\/v2\/types\/post"}],"author":[{"embeddable":true,"href":"https:\/\/www.gg8.it\/en\/wp-json\/wp\/v2\/users\/1"}],"replies":[{"embeddable":true,"href":"https:\/\/www.gg8.it\/en\/wp-json\/wp\/v2\/comments?post=586"}],"version-history":[{"count":5,"href":"https:\/\/www.gg8.it\/en\/wp-json\/wp\/v2\/posts\/586\/revisions"}],"predecessor-version":[{"id":1346,"href":"https:\/\/www.gg8.it\/en\/wp-json\/wp\/v2\/posts\/586\/revisions\/1346"}],"wp:featuredmedia":[{"embeddable":true,"href":"https:\/\/www.gg8.it\/en\/wp-json\/wp\/v2\/media\/491"}],"wp:attachment":[{"href":"https:\/\/www.gg8.it\/en\/wp-json\/wp\/v2\/media?parent=586"}],"wp:term":[{"taxonomy":"category","embeddable":true,"href":"https:\/\/www.gg8.it\/en\/wp-json\/wp\/v2\/categories?post=586"},{"taxonomy":"post_tag","embeddable":true,"href":"https:\/\/www.gg8.it\/en\/wp-json\/wp\/v2\/tags?post=586"}],"curies":[{"name":"wp","href":"https:\/\/api.w.org\/{rel}","templated":true}]}}